{"id":14420,"date":"2014-01-09T10:09:25","date_gmt":"2014-01-09T09:09:25","guid":{"rendered":"https:\/\/www.scandbook.com\/mfn_news\/scandbooks-verkstallande-direktor-gar-till-nytt-jobb-rekrytering-av-ny-vd-har-inletts\/"},"modified":"2014-01-09T10:09:25","modified_gmt":"2014-01-09T09:09:25","slug":"scandbooks-verkstallande-direktor-gar-till-nytt-jobb-rekrytering-av-ny-vd-har-inletts","status":"publish","type":"mfn_news","link":"https:\/\/www.scandbook.com\/sv\/mfn_news\/scandbooks-verkstallande-direktor-gar-till-nytt-jobb-rekrytering-av-ny-vd-har-inletts\/","title":{"rendered":"ScandBooks verkst\u00e4llande direkt\u00f6r g\u00e5r till nytt jobb &#8211; rekrytering av ny VD har inletts"},"content":{"rendered":"<div class=\"mfn-preamble\">ScandBooks verkst&auml;llande direkt&ouml;r, P&auml;r Nilsson, har accepterat ett erbjudande om att bli ny VD f&ouml;r F&ouml;rlagssystem AB, ett f&ouml;retag som distribuerar b&ouml;cker &aring;t bokf&ouml;rlag och bokklubbar. P&auml;r kommer att forts&auml;tta som VD i ScandBook under sin upps&auml;gningstid, som uppg&aring;r till sex m&aring;nader. En rekryteringsprocess f&ouml;r ers&auml;ttare har inletts.<\/div>\n<p class=\"mfn-wp-retain\">&#8211; P&auml;r Nilsson har varit VD i tolv &aring;r. Under denna tid har bolaget etablerat sig som den ledande bokproducenten i Norden, s&auml;ger Curt L&ouml;nnstr&ouml;m, ordf&ouml;rande i styrelsen f&ouml;r ScandBook Holding AB (publ). Verksamheten har kompletterats med en enhet f&ouml;r pocketproduktion och bolaget &auml;r sedan 2010 noterat p&aring; Nasdaq OMX First North. Under denna tid har bokproducentmarknaden genomg&aring;tt stora f&ouml;r&auml;ndringar, n&aring;got som ocks&aring; kommer att pr&auml;gla kommande &aring;r. Vi tackar P&auml;r f&ouml;r goda insatser och &ouml;nskar honom lycka till i den nya uppgiften. P&auml;r kommer &auml;ven i framtiden att vara r&aring;dgivare till ScandBook.<\/p>\n<p class=\"mfn-wp-retain\">&#8211; Under mina tolv &aring;r i bolaget har jag haft f&ouml;rm&aring;nen att arbeta med flera olika kompetenta &auml;gare, konsoliderat den svenska och nordiska bokproducentbranschen genom flera f&ouml;rv&auml;rv samt f&aring;tt m&ouml;jligheten att ta bolaget till b&ouml;rsen, s&auml;ger P&auml;r Nilsson. Jag trivs mycket bra med ScandBooks medarbetare, dess kunder och &auml;gare, men k&auml;nner mig nu redo f&ouml;r en ny utmaning. Min ambition &auml;r att vara med och p&aring;verka ScandBooks framtid som en av de st&ouml;rsta aktie&auml;garna i bolaget och hoppas p&aring; det s&auml;ttet &auml;ven beh&aring;lla kontakten med medarbetare, kunder, kollegor och andra samarbetspartner.<\/p>\n<p class=\"mfn-wp-retain\">Falun den 9 januari 2014<\/p>\n<p class=\"mfn-wp-retain\">ScandBook Holding AB (publ)<\/p>\n<p class=\"mfn-wp-retain\">Styrelsen<\/p>\n<p class=\"mfn-wp-retain\">F&ouml;r ytterligare information, v g kontakta Curt L&ouml;nnstr&ouml;m, 070-591 50 33 eller P&auml;r Nilsson 070-677 47 44 par.nilsson@scandbook.se&nbsp;.<\/p>\n<div class=\"mfn-footer\"><\/div>\n<div class=\"mfn-footer mfn-attachment mfn-attachment-general\">\n<p class=\"mfn-wp-retain\"><strong class=\"mfn-heading-1\">Bifogade filer<\/strong><br \/><a href=\"http:\/\/mb.cision.com\/Main\/1720\/9518836\/198476.pdf\" rel=\"noopener\" target=\"_blank\">PDF<\/a><\/p>\n<\/div>\n<script>\n                Array.prototype.slice.call(document.querySelectorAll(\".mfn-footer.mfn-attachment\")).forEach(function (el) { el.remove() });\n            <\/script>\n        <div class=\"mfn-attachments-container\"><div class=\"mfn-attachment\"><a class=\"mfn-attachment-link\" href=\"https:\/\/storage.mfn.se\/proxy\/pdf.pdf?url=http%3A%2F%2Fmb.cision.com%2FMain%2F1720%2F9518836%2F198476.pdf\"><span class=\"mfn-attachment-icon\"><img decoding=\"async\" src=\"https:\/\/storage.mfn.se\/proxy\/pdf.pdf?url=http%3A%2F%2Fmb.cision.com%2FMain%2F1720%2F9518836%2F198476.pdf&type=jpg\"><\/span>PDF<\/a><\/div><\/div>","protected":false},"excerpt":{"rendered":"<p>ScandBooks verkst&auml;llande direkt&ouml;r, P&auml;r Nilsson, har accepterat ett erbjudande om att bli ny VD f&ouml;r F&ouml;rlagssystem AB, ett f&ouml;retag som distribuerar b&ouml;cker &aring;t bokf&ouml;rlag och bokklubbar. P&auml;r kommer att forts&auml;tta som VD i ScandBook under sin upps&auml;gningstid, som uppg&aring;r till sex m&aring;nader. En rekryteringsprocess f&ouml;r ers&auml;ttare har inletts. &#8211; P&auml;r Nilsson har varit VD i [&hellip;]<\/p>\n","protected":false},"template":"","mfn-news-tag":[96,95,98],"class_list":["post-14420","mfn_news","type-mfn_news","status-publish","hentry","mfn-news-tag-mfn-type-ir","mfn-news-tag-mfn","mfn-news-tag-mfn-lang-sv"],"yoast_head":"<!-- This site is optimized with the Yoast SEO Premium plugin v27.5 (Yoast SEO v27.5) - https:\/\/yoast.com\/product\/yoast-seo-premium-wordpress\/ -->\n<title>ScandBooks verkst\u00e4llande direkt\u00f6r g\u00e5r till nytt jobb - rekrytering av ny VD har inletts - ScandBook<\/title>\n<meta name=\"robots\" content=\"index, follow, max-snippet:-1, max-image-preview:large, max-video-preview:-1\" \/>\n<link rel=\"canonical\" href=\"https:\/\/www.scandbook.com\/sv\/mfn_news\/scandbooks-verkstallande-direktor-gar-till-nytt-jobb-rekrytering-av-ny-vd-har-inletts\/\" \/>\n<meta property=\"og:locale\" content=\"sv_SE\" \/>\n<meta property=\"og:type\" content=\"article\" \/>\n<meta property=\"og:title\" content=\"ScandBooks verkst\u00e4llande direkt\u00f6r g\u00e5r till nytt jobb - rekrytering av ny VD har inletts\" \/>\n<meta property=\"og:description\" content=\"ScandBooks verkst&auml;llande direkt&ouml;r, P&auml;r Nilsson, har accepterat ett erbjudande om att bli ny VD f&ouml;r F&ouml;rlagssystem AB, ett f&ouml;retag som distribuerar b&ouml;cker &aring;t bokf&ouml;rlag och bokklubbar. P&auml;r kommer att forts&auml;tta som VD i ScandBook under sin upps&auml;gningstid, som uppg&aring;r till sex m&aring;nader. En rekryteringsprocess f&ouml;r ers&auml;ttare har inletts. &#8211; P&auml;r Nilsson har varit VD i [&hellip;]\" \/>\n<meta property=\"og:url\" content=\"https:\/\/www.scandbook.com\/sv\/mfn_news\/scandbooks-verkstallande-direktor-gar-till-nytt-jobb-rekrytering-av-ny-vd-har-inletts\/\" \/>\n<meta property=\"og:site_name\" content=\"ScandBook\" \/>\n<meta property=\"article:publisher\" content=\"https:\/\/www.facebook.com\/profile.php?id=100063569394878&amp;sk=about&amp;locale=sv_SE\" \/>\n<meta name=\"twitter:card\" content=\"summary_large_image\" \/>\n<meta name=\"twitter:label1\" content=\"Ber\u00e4knad l\u00e4stid\" \/>\n\t<meta name=\"twitter:data1\" content=\"2 minuter\" \/>\n<script type=\"application\/ld+json\" class=\"yoast-schema-graph\">{\"@context\":\"https:\\\/\\\/schema.org\",\"@graph\":[{\"@type\":\"WebPage\",\"@id\":\"https:\\\/\\\/www.scandbook.com\\\/sv\\\/mfn_news\\\/scandbooks-verkstallande-direktor-gar-till-nytt-jobb-rekrytering-av-ny-vd-har-inletts\\\/\",\"url\":\"https:\\\/\\\/www.scandbook.com\\\/sv\\\/mfn_news\\\/scandbooks-verkstallande-direktor-gar-till-nytt-jobb-rekrytering-av-ny-vd-har-inletts\\\/\",\"name\":\"ScandBooks verkst\u00e4llande direkt\u00f6r g\u00e5r till nytt jobb - rekrytering av ny VD har inletts - ScandBook\",\"isPartOf\":{\"@id\":\"https:\\\/\\\/www.scandbook.com\\\/sv\\\/#website\"},\"datePublished\":\"2014-01-09T09:09:25+00:00\",\"breadcrumb\":{\"@id\":\"https:\\\/\\\/www.scandbook.com\\\/sv\\\/mfn_news\\\/scandbooks-verkstallande-direktor-gar-till-nytt-jobb-rekrytering-av-ny-vd-har-inletts\\\/#breadcrumb\"},\"inLanguage\":\"sv-SE\",\"potentialAction\":[{\"@type\":\"ReadAction\",\"target\":[\"https:\\\/\\\/www.scandbook.com\\\/sv\\\/mfn_news\\\/scandbooks-verkstallande-direktor-gar-till-nytt-jobb-rekrytering-av-ny-vd-har-inletts\\\/\"]}]},{\"@type\":\"BreadcrumbList\",\"@id\":\"https:\\\/\\\/www.scandbook.com\\\/sv\\\/mfn_news\\\/scandbooks-verkstallande-direktor-gar-till-nytt-jobb-rekrytering-av-ny-vd-har-inletts\\\/#breadcrumb\",\"itemListElement\":[{\"@type\":\"ListItem\",\"position\":1,\"name\":\"Home\",\"item\":\"https:\\\/\\\/www.scandbook.com\\\/sv\\\/\"},{\"@type\":\"ListItem\",\"position\":2,\"name\":\"MFN News Items\",\"item\":\"https:\\\/\\\/www.scandbook.com\\\/sv\\\/mfn_news\\\/\"},{\"@type\":\"ListItem\",\"position\":3,\"name\":\"ScandBooks verkst\u00e4llande direkt\u00f6r g\u00e5r till nytt jobb &#8211; rekrytering av ny VD har inletts\"}]},{\"@type\":\"WebSite\",\"@id\":\"https:\\\/\\\/www.scandbook.com\\\/sv\\\/#website\",\"url\":\"https:\\\/\\\/www.scandbook.com\\\/sv\\\/\",\"name\":\"ScandBook\",\"description\":\"Skandinaviens ledande bokproducent\",\"publisher\":{\"@id\":\"https:\\\/\\\/www.scandbook.com\\\/sv\\\/#organization\"},\"potentialAction\":[{\"@type\":\"SearchAction\",\"target\":{\"@type\":\"EntryPoint\",\"urlTemplate\":\"https:\\\/\\\/www.scandbook.com\\\/sv\\\/?s={search_term_string}\"},\"query-input\":{\"@type\":\"PropertyValueSpecification\",\"valueRequired\":true,\"valueName\":\"search_term_string\"}}],\"inLanguage\":\"sv-SE\"},{\"@type\":\"Organization\",\"@id\":\"https:\\\/\\\/www.scandbook.com\\\/sv\\\/#organization\",\"name\":\"ScandBook\",\"url\":\"https:\\\/\\\/www.scandbook.com\\\/sv\\\/\",\"logo\":{\"@type\":\"ImageObject\",\"inLanguage\":\"sv-SE\",\"@id\":\"https:\\\/\\\/www.scandbook.com\\\/sv\\\/#\\\/schema\\\/logo\\\/image\\\/\",\"url\":\"https:\\\/\\\/www.scandbook.com\\\/wp-content\\\/uploads\\\/2023\\\/05\\\/scandbook-funding-climate-action.webp\",\"contentUrl\":\"https:\\\/\\\/www.scandbook.com\\\/wp-content\\\/uploads\\\/2023\\\/05\\\/scandbook-funding-climate-action.webp\",\"width\":256,\"height\":88,\"caption\":\"ScandBook\"},\"image\":{\"@id\":\"https:\\\/\\\/www.scandbook.com\\\/sv\\\/#\\\/schema\\\/logo\\\/image\\\/\"},\"sameAs\":[\"https:\\\/\\\/www.facebook.com\\\/profile.php?id=100063569394878&sk=about&locale=sv_SE\",\"https:\\\/\\\/www.linkedin.com\\\/company\\\/scandbook-ab\\\/\"]}]}<\/script>\n<!-- \/ Yoast SEO Premium plugin. -->","yoast_head_json":{"title":"ScandBooks verkst\u00e4llande direkt\u00f6r g\u00e5r till nytt jobb - rekrytering av ny VD har inletts - ScandBook","robots":{"index":"index","follow":"follow","max-snippet":"max-snippet:-1","max-image-preview":"max-image-preview:large","max-video-preview":"max-video-preview:-1"},"canonical":"https:\/\/www.scandbook.com\/sv\/mfn_news\/scandbooks-verkstallande-direktor-gar-till-nytt-jobb-rekrytering-av-ny-vd-har-inletts\/","og_locale":"sv_SE","og_type":"article","og_title":"ScandBooks verkst\u00e4llande direkt\u00f6r g\u00e5r till nytt jobb - rekrytering av ny VD har inletts","og_description":"ScandBooks verkst&auml;llande direkt&ouml;r, P&auml;r Nilsson, har accepterat ett erbjudande om att bli ny VD f&ouml;r F&ouml;rlagssystem AB, ett f&ouml;retag som distribuerar b&ouml;cker &aring;t bokf&ouml;rlag och bokklubbar. P&auml;r kommer att forts&auml;tta som VD i ScandBook under sin upps&auml;gningstid, som uppg&aring;r till sex m&aring;nader. En rekryteringsprocess f&ouml;r ers&auml;ttare har inletts. &#8211; P&auml;r Nilsson har varit VD i [&hellip;]","og_url":"https:\/\/www.scandbook.com\/sv\/mfn_news\/scandbooks-verkstallande-direktor-gar-till-nytt-jobb-rekrytering-av-ny-vd-har-inletts\/","og_site_name":"ScandBook","article_publisher":"https:\/\/www.facebook.com\/profile.php?id=100063569394878&sk=about&locale=sv_SE","twitter_card":"summary_large_image","twitter_misc":{"Ber\u00e4knad l\u00e4stid":"2 minuter"},"schema":{"@context":"https:\/\/schema.org","@graph":[{"@type":"WebPage","@id":"https:\/\/www.scandbook.com\/sv\/mfn_news\/scandbooks-verkstallande-direktor-gar-till-nytt-jobb-rekrytering-av-ny-vd-har-inletts\/","url":"https:\/\/www.scandbook.com\/sv\/mfn_news\/scandbooks-verkstallande-direktor-gar-till-nytt-jobb-rekrytering-av-ny-vd-har-inletts\/","name":"ScandBooks verkst\u00e4llande direkt\u00f6r g\u00e5r till nytt jobb - rekrytering av ny VD har inletts - ScandBook","isPartOf":{"@id":"https:\/\/www.scandbook.com\/sv\/#website"},"datePublished":"2014-01-09T09:09:25+00:00","breadcrumb":{"@id":"https:\/\/www.scandbook.com\/sv\/mfn_news\/scandbooks-verkstallande-direktor-gar-till-nytt-jobb-rekrytering-av-ny-vd-har-inletts\/#breadcrumb"},"inLanguage":"sv-SE","potentialAction":[{"@type":"ReadAction","target":["https:\/\/www.scandbook.com\/sv\/mfn_news\/scandbooks-verkstallande-direktor-gar-till-nytt-jobb-rekrytering-av-ny-vd-har-inletts\/"]}]},{"@type":"BreadcrumbList","@id":"https:\/\/www.scandbook.com\/sv\/mfn_news\/scandbooks-verkstallande-direktor-gar-till-nytt-jobb-rekrytering-av-ny-vd-har-inletts\/#breadcrumb","itemListElement":[{"@type":"ListItem","position":1,"name":"Home","item":"https:\/\/www.scandbook.com\/sv\/"},{"@type":"ListItem","position":2,"name":"MFN News Items","item":"https:\/\/www.scandbook.com\/sv\/mfn_news\/"},{"@type":"ListItem","position":3,"name":"ScandBooks verkst\u00e4llande direkt\u00f6r g\u00e5r till nytt jobb &#8211; rekrytering av ny VD har inletts"}]},{"@type":"WebSite","@id":"https:\/\/www.scandbook.com\/sv\/#website","url":"https:\/\/www.scandbook.com\/sv\/","name":"ScandBook","description":"Skandinaviens ledande bokproducent","publisher":{"@id":"https:\/\/www.scandbook.com\/sv\/#organization"},"potentialAction":[{"@type":"SearchAction","target":{"@type":"EntryPoint","urlTemplate":"https:\/\/www.scandbook.com\/sv\/?s={search_term_string}"},"query-input":{"@type":"PropertyValueSpecification","valueRequired":true,"valueName":"search_term_string"}}],"inLanguage":"sv-SE"},{"@type":"Organization","@id":"https:\/\/www.scandbook.com\/sv\/#organization","name":"ScandBook","url":"https:\/\/www.scandbook.com\/sv\/","logo":{"@type":"ImageObject","inLanguage":"sv-SE","@id":"https:\/\/www.scandbook.com\/sv\/#\/schema\/logo\/image\/","url":"https:\/\/www.scandbook.com\/wp-content\/uploads\/2023\/05\/scandbook-funding-climate-action.webp","contentUrl":"https:\/\/www.scandbook.com\/wp-content\/uploads\/2023\/05\/scandbook-funding-climate-action.webp","width":256,"height":88,"caption":"ScandBook"},"image":{"@id":"https:\/\/www.scandbook.com\/sv\/#\/schema\/logo\/image\/"},"sameAs":["https:\/\/www.facebook.com\/profile.php?id=100063569394878&sk=about&locale=sv_SE","https:\/\/www.linkedin.com\/company\/scandbook-ab\/"]}]}},"_links":{"self":[{"href":"https:\/\/www.scandbook.com\/sv\/wp-json\/wp\/v2\/mfn_news\/14420","targetHints":{"allow":["GET"]}}],"collection":[{"href":"https:\/\/www.scandbook.com\/sv\/wp-json\/wp\/v2\/mfn_news"}],"about":[{"href":"https:\/\/www.scandbook.com\/sv\/wp-json\/wp\/v2\/types\/mfn_news"}],"wp:attachment":[{"href":"https:\/\/www.scandbook.com\/sv\/wp-json\/wp\/v2\/media?parent=14420"}],"wp:term":[{"taxonomy":"mfn-news-tag","embeddable":true,"href":"https:\/\/www.scandbook.com\/sv\/wp-json\/wp\/v2\/mfn-news-tag?post=14420"}],"curies":[{"name":"wp","href":"https:\/\/api.w.org\/{rel}","templated":true}]}}